{"id":29081,"date":"2025-03-19T10:37:31","date_gmt":"2025-03-19T10:37:31","guid":{"rendered":"https:\/\/www.ecosteryl.com\/?p=29081"},"modified":"2025-03-19T10:37:31","modified_gmt":"2025-03-19T10:37:31","slug":"hace-5-anos-la-covid-sacudio-nuestro-mundo-que-hemos-aprendido","status":"publish","type":"post","link":"https:\/\/www.ecosteryl.com\/es\/hace-5-anos-la-covid-sacudio-nuestro-mundo-que-hemos-aprendido\/","title":{"rendered":"Hace 5 a\u00f1os, la Covid sacudi\u00f3 nuestro mundo\u2026 \u00bfQu\u00e9 hemos aprendido?"},"content":{"rendered":"<p class=\"elementToProof\"><span style=\"color: #008080;\"><strong>Hace cinco a\u00f1os, una amenaza invisible sacudi\u00f3 nuestro mundo, revelando muchos aspectos. M\u00e1s all\u00e1 de comprar papel higi\u00e9nico en grandes cantidades, desinfectar nuestras compras con un pincel o vigilar lo que hac\u00eda el vecino, nuestra principal preocupaci\u00f3n fue no infectarnos y cuidar a quienes s\u00ed lo estaban.\u00a0Lo esencial volvi\u00f3 al centro de nuestras prioridades: nuestra salud. Y, por supuesto, el papel crucial del personal sanitario y de nuestro sistema de salud, as\u00ed como\u00a0la gesti\u00f3n de nuestros residuos m\u00e9dicos, que tambi\u00e9n estaban contaminados.<\/strong><\/span><\/p>\n<p class=\"elementToProof\"><span style=\"color: #008080;\"><strong>La pandemia de <span class=\"outlook-search-highlight\" data-markjs=\"true\">Covid<\/span>-19 provoc\u00f3 un aumento sin precedentes en los residuos generados por la atenci\u00f3n sanitaria: equipos de protecci\u00f3n personal (EPP), pruebas, jeringas\u2026 Una verdadera avalancha de desechos biom\u00e9dicos que puso a prueba los sistemas de gesti\u00f3n de residuos en todo el mundo. Recordemos que todos llev\u00e1bamos mascarillas y las pag\u00e1bamos a precios muy elevados. Seg\u00fan la OMS, entre marzo de 2020 y noviembre de 2021 se distribuyeron m\u00e1s de 87.000 toneladas de EPP, lo que gener\u00f3 un enorme desaf\u00edo ambiental. Entonces, \u00bfqu\u00e9 hemos aprendido de esta crisis?<\/strong><\/span><\/p>\n<p><!--more--><\/p>\n<h2><span style=\"color: #008080;\">\u00bfC\u00f3mo vivi\u00f3 Ecosteryl la <span class=\"outlook-search-highlight\" data-markjs=\"true\">Covid<\/span>?<\/span><\/h2>\n<p><img loading=\"lazy\" decoding=\"async\" class=\"size-medium wp-image-28954 alignleft\" src=\"https:\/\/www.ecosteryl.com\/app\/uploads\/2025\/03\/pacific-islands-300x300.jpg\" alt=\"\" width=\"300\" height=\"300\" srcset=\"https:\/\/www.ecosteryl.com\/app\/uploads\/2025\/03\/pacific-islands-300x300.jpg 300w, https:\/\/www.ecosteryl.com\/app\/uploads\/2025\/03\/pacific-islands-1024x1024.jpg 1024w, https:\/\/www.ecosteryl.com\/app\/uploads\/2025\/03\/pacific-islands-150x150.jpg 150w, https:\/\/www.ecosteryl.com\/app\/uploads\/2025\/03\/pacific-islands-768x768.jpg 768w, https:\/\/www.ecosteryl.com\/app\/uploads\/2025\/03\/pacific-islands-510x510.jpg 510w, https:\/\/www.ecosteryl.com\/app\/uploads\/2025\/03\/pacific-islands-120x120.jpg 120w, https:\/\/www.ecosteryl.com\/app\/uploads\/2025\/03\/pacific-islands-100x100.jpg 100w, https:\/\/www.ecosteryl.com\/app\/uploads\/2025\/03\/pacific-islands-90x90.jpg 90w, https:\/\/www.ecosteryl.com\/app\/uploads\/2025\/03\/pacific-islands-250x250.jpg 250w, https:\/\/www.ecosteryl.com\/app\/uploads\/2025\/03\/pacific-islands-180x180.jpg 180w, https:\/\/www.ecosteryl.com\/app\/uploads\/2025\/03\/pacific-islands-80x80.jpg 80w, https:\/\/www.ecosteryl.com\/app\/uploads\/2025\/03\/pacific-islands-545x545.jpg 545w, https:\/\/www.ecosteryl.com\/app\/uploads\/2025\/03\/pacific-islands-450x450.jpg 450w, https:\/\/www.ecosteryl.com\/app\/uploads\/2025\/03\/pacific-islands.jpg 1200w\" sizes=\"auto, (max-width: 300px) 100vw, 300px\" \/>Mientras la mayor\u00eda permanec\u00eda en casa para evitar el contagio, los equipos de Ecosteryl estaban en primera l\u00ednea. \u00bfUna oportunidad comercial? Algunos dir\u00e1n que s\u00ed, aunque una m\u00e1quina no puede entregarse en dos semanas a un nuevo cliente cuando, adem\u00e1s, el mundo entero est\u00e1 paralizado. El cliente necesita autorizaciones, un lugar, un negocio sostenible, fondos\u2026 Mientras que el gel hidroalcoh\u00f3lico o las mascarillas fueron oportunidades de negocio inmediato, establecer un centro de tratamiento de residuos m\u00e9dicos es algo completamente distinto. Edificio, m\u00e1quina de tratamiento, lavadora de contenedores, camiones, etc.: la inversi\u00f3n en este tipo de infraestructura asciende a cientos de miles de euros.<\/p>\n<p>Los que realmente estuvieron al l\u00edmite fueron nuestros clientes actuales, aquellos que ya operaban. Algunos hab\u00edan comprado una m\u00e1quina que tuvimos que instalar a distancia mediante videollamada; otros la hab\u00edan adquirido recientemente \u2014sin duda, aquellos con visi\u00f3n de futuro\u2014 y su equipo trabajaba al 100% de su capacidad desde el primer d\u00eda. Otros dudaban sobre una nueva compra y luego se lamentaban de su indecisi\u00f3n. Todos ten\u00edan equipos que trabajaban sin descanso. Nuestro reconocimiento a estos operadores en la sombra, que estuvieron en contacto con lo que nadie quer\u00eda tocar: los residuos m\u00e9dicos infecciosos.<\/p>\n<p>Al final, fueron principalmente los gobiernos y las organizaciones internacionales los que tuvieron que enfrentarse a una crisis sin precedentes y encontrar soluciones.<\/p>\n<p>Ecosteryl, al igual que otras empresas activas en la desinfecci\u00f3n de residuos m\u00e9dicos, tuvo muchas m\u00e1s interacciones con la <a href=\"https:\/\/www.who.int\/es\/home\">OMS<\/a>, <a href=\"https:\/\/www.unicef.org\/es\">Unicef<\/a>, el <a href=\"https:\/\/www.undp.org\/es\">PNUD<\/a>, el <a href=\"https:\/\/www.bancomundial.org\/ext\/es\/home\">Banco Mundial<\/a>, etc., organismos que dispon\u00edan de presupuestos para intervenir de emergencia en territorios con riesgos sanitarios de gran magnitud. Tambi\u00e9n ayudamos al Gobierno val\u00f3n con una soluci\u00f3n para la desinfecci\u00f3n de mascarillas, la M-Steryl. En menos de un mes, una m\u00e1quina estaba disponible y probada en el mercado. No tuvo \u00e9xito tras el fin de la <span class=\"outlook-search-highlight\" data-markjs=\"true\">Covid<\/span>, pero demostr\u00f3 una vez m\u00e1s la eficacia de la desinfecci\u00f3n por calor seco y permiti\u00f3 a Ecosteryl colaborar con institutos de investigaci\u00f3n y demostrar su capacidad de respuesta en la b\u00fasqueda de soluciones.<\/p>\n<p>En marzo de 2020, en solo un mes, los residuos m\u00e9dicos recibieron una atenci\u00f3n medi\u00e1tica sin precedentes. Pero el verdadero cambio lleg\u00f3 al a\u00f1o siguiente, cuando los hospitales tomaron conciencia del impacto y la importancia de estos residuos en sus presupuestos. Muchos hospitales no quer\u00edan revivir la pesadilla de los contenedores desbordados y los proveedores de servicios incapaces de gestionar los desechos.<\/p>\n<p class=\"elementToProof\">Un ejemplo claro es el del hospital de <a href=\"https:\/\/www.ecosteryl.com\/es\/tratamiento-de-residuos-sanitarios-en-el-centro-hospitalario-de-valenciennes-con-ecosteryl\/\">Valenciennes, en Francia<\/a>, que lo explica bien en este video.<\/p>\n<p><iframe loading=\"lazy\" title=\"Desinfecci\u00f3n de residuos m\u00e9dicos: Testimonio de cliente desde Francia - CH Valenciennes\" width=\"500\" height=\"281\" src=\"https:\/\/www.youtube.com\/embed\/H5N2OPf6cVs?feature=oembed\" frameborder=\"0\" allow=\"accelerometer; autoplay; clipboard-write; encrypted-media; gyroscope; picture-in-picture; web-share\" referrerpolicy=\"strict-origin-when-cross-origin\" allowfullscreen><\/iframe><\/p>\n<p>&nbsp;<\/p>\n<h2 class=\"elementToProof\"><span style=\"color: #008080;\">\u00bfSe tomaron medidas para evitar la acumulaci\u00f3n de residuos m\u00e9dicos <b>no desinfectados<\/b>?<\/span><\/h2>\n<p>Ante esta acumulaci\u00f3n masiva, era urgente mejorar la gesti\u00f3n de los residuos m\u00e9dicos. Aunque algunos pa\u00edses reforzaron sus protocolos de clasificaci\u00f3n y eliminaci\u00f3n, la crisis puso en evidencia muchas deficiencias: infraestructura de tratamiento insuficiente, excesiva dependencia de la incineraci\u00f3n y falta de alternativas ecol\u00f3gicas viables.<\/p>\n<p>Cinco a\u00f1os despu\u00e9s, a\u00fan escuchamos testimonios de clientes y potenciales clientes que nos dicen:<\/p>\n<blockquote><p><i>&#8220;No queremos volver a vivir lo que experimentamos durante la <span class=\"outlook-search-highlight\" data-markjs=\"true\">Covid<\/span>.&#8221;<\/i><\/p><\/blockquote>\n<p>Para Ecosteryl y muchas otras empresas activas en la neutralizaci\u00f3n de residuos m\u00e9dicos, el riesgo sigue siendo la presi\u00f3n del lobby pro-incineraci\u00f3n como \u00fanica soluci\u00f3n. Si bien la incineraci\u00f3n es \u00fatil, deber\u00eda ser la \u00faltima opci\u00f3n, no la primera.<\/p>\n<p class=\"elementToProof\">El orden de prioridades\u00a0debe ser el siguiente:<\/p>\n<ol start=\"1\">\n<li>Desinfecci\u00f3n<\/li>\n<li>Clasificaci\u00f3n<\/li>\n<li>Valorizaci\u00f3n<\/li>\n<li>Incineraci\u00f3n o vertedero<\/li>\n<\/ol>\n<p>&nbsp;<\/p>\n<h2><span style=\"color: #008080;\">Gesti\u00f3n de residuos m\u00e9dicos: lo que la pandemia de la <span class=\"outlook-search-highlight\" data-markjs=\"true\">Covid<\/span>-19 nos ense\u00f1\u00f3 seg\u00fan la OMS<\/span><\/h2>\n<p>Hemos compartido nuestra visi\u00f3n desde el terreno, pero \u00bfqu\u00e9 recomienda la Organizaci\u00f3n Mundial de la Salud? La OMS ha publicado varias directrices para mejorar la gesti\u00f3n de los residuos m\u00e9dicos y evitar consecuencias sanitarias y ambientales desastrosas. Aqu\u00ed se pueden consultar <a href=\"https:\/\/www.who.int\/es\/emergencies\/diseases\/novel-coronavirus-2019\/technical-guidance\">varios documentos al respecto<\/a>. En este aniversario de la pandemia, es un buen momento para reflexionar sobre estos aprendizajes y sobre el futuro de los residuos biom\u00e9dicos.<\/p>\n<h4><i>Clasificaci\u00f3n y tratamiento de residuos: una necesidad absoluta<\/i><\/h4>\n<p>Uno de los principales aprendizajes de la crisis es la importancia de la clasificaci\u00f3n de residuos desde su origen. La OMS recuerda que:<\/p>\n<ul>\n<li><strong>Los residuos infecciosos<\/strong> (vendajes contaminados, objetos punzantes, restos anat\u00f3micos) deben separarse de los residuos no peligrosos y almacenarse en contenedores espec\u00edficos.<\/li>\n<li><strong>La mayor\u00eda de los residuos hospitalarios<\/strong> no son infecciosos (envases, residuos de comida, toallas de papel) y pueden tratarse como residuos municipales comunes.<\/li>\n<\/ul>\n<p>Esta distinci\u00f3n es clave para evitar la sobrecarga de las instalaciones de tratamiento y minimizar los riesgos de contaminaci\u00f3n.<\/p>\n<h4><i>Los peligros ocultos en el tratamiento de residuos biom\u00e9dicos que revel\u00f3 la pandemia<\/i><\/h4>\n<p>La gesti\u00f3n de los residuos de la <span class=\"outlook-search-highlight\" data-markjs=\"true\">Covid<\/span>-19 no solo involucra los EPP. Algunos productos qu\u00edmicos usados en los test diagn\u00f3sticos tambi\u00e9n presentan riesgos:<\/p>\n<ul>\n<li><b>El tiocianato de guanidinio<\/b>, presente en algunos kits de extracci\u00f3n de ARN, reacciona peligrosamente con el cloro, produciendo gases t\u00f3xicos.<\/li>\n<li><b>La azida de sodio<\/b>, un componente de ciertas pruebas inmunol\u00f3gicas, no debe verterse en desag\u00fces ni someterse a autoclave, ya que puede formar sustancias explosivas.<\/li>\n<\/ul>\n<p>&nbsp;<\/p>\n<h2 class=\"elementToProof\"><span style=\"color: #008080;\">\u00bfEs posible que ocurra otra crisis sanitaria?<\/span><\/h2>\n<p class=\"\" data-start=\"0\" data-end=\"436\">Los expertos coinciden en que otra pandemia de la magnitud del COVID-19 es inevitable. Figuras como el profesor Sir Chris Whitty, epidemi\u00f3logo brit\u00e1nico y Director M\u00e9dico de Inglaterra, quien desempe\u00f1\u00f3 un papel central en la gesti\u00f3n del COVID-19 en el Reino Unido, han advertido que debemos prepararnos activamente, ya que nuestras infraestructuras sanitarias y capacidades de gesti\u00f3n de residuos podr\u00edan verse nuevamente desbordadas.<br \/>\n\u00bfDebemos vivir con miedo? No. Pero la anticipaci\u00f3n y la innovaci\u00f3n son las claves para una mejor resiliencia.<\/p>\n<p class=\"\" data-start=\"551\" data-end=\"666\">No olvidemos que el COVID sigue existiendo, que hemos visto surgir el Mpox, que el \u00c9bola sigue muy presente, etc.<\/p>\n<p class=\"\" data-start=\"668\" data-end=\"835\">El COVID-19 sacudi\u00f3 nuestras certezas y puso de relieve la necesidad de repensar nuestros modelos industriales y ambientales. Entre las grandes lecciones aprendidas:<\/p>\n<ul data-start=\"837\" data-end=\"1345\">\n<li class=\"\" data-start=\"837\" data-end=\"968\">\n<p class=\"\" data-start=\"839\" data-end=\"968\"><strong data-start=\"839\" data-end=\"864\">Conciencia ambiental:<\/strong> la necesidad de adoptar tecnolog\u00edas de tratamiento de residuos m\u00e1s respetuosas con el medio ambiente.<\/p>\n<\/li>\n<li class=\"\" data-start=\"969\" data-end=\"1176\">\n<p class=\"\" data-start=\"971\" data-end=\"1176\"><strong data-start=\"971\" data-end=\"1009\">La importancia de la circularidad:<\/strong> transformar los residuos m\u00e9dicos en nuevas materias primas es ahora una prioridad para evitar la acumulaci\u00f3n y reducir la presi\u00f3n sobre nuestros recursos naturales.<\/p>\n<\/li>\n<li class=\"\" data-start=\"1177\" data-end=\"1345\">\n<p class=\"\" data-start=\"1179\" data-end=\"1345\"><strong data-start=\"1179\" data-end=\"1229\">Una necesidad de mayor capacidad de respuesta:<\/strong> las infraestructuras deben ser adaptables y escalables para reaccionar r\u00e1pidamente ante nuevas crisis sanitarias.<\/p>\n<\/li>\n<\/ul>\n<h2><span style=\"color: #008080;\">Construyamos juntos un futuro m\u00e1s seguro para la gesti\u00f3n de residuos m\u00e9dicos infecciosos<\/span><\/h2>\n<p>Cinco a\u00f1os despu\u00e9s del inicio de la <span class=\"outlook-search-highlight\" data-markjs=\"true\">Covid<\/span>-19, el mundo ha cambiado. La gesti\u00f3n de residuos m\u00e9dicos ya no es solo un desaf\u00edo log\u00edstico, sino un problema de salud p\u00fablica y desarrollo sostenible. Es crucial seguir avanzando, invirtiendo en soluciones inteligentes y reforzando nuestra capacidad de respuesta ante futuras crisis.<\/p>\n<p><em><b>\u00bfQuiere innovar de forma responsable en el tratamiento de residuos m\u00e9dicos?<br \/>\n<\/b><b>Cont\u00e1ctenos en <\/b><strong><a href=\"mailto:sales@ecosteryl.com\">sales@ecosteryl.com<\/a><\/strong><\/em><\/p>\n<hr \/>\n<p>Las fuentes utilizadas en la redacci\u00f3n de este art\u00edculo de blog:<\/p>\n<ul>\n<li data-start=\"85\" data-end=\"394\"><strong data-start=\"70\" data-end=\"113\">Organizaci\u00f3n Mundial de la Salud (OMS).<\/strong> (s.f.). Documentos informativos sobre el nuevo coronavirus (2019-nCoV). Recuperado de <a href=\"https:\/\/www.who.int\/fr\/emergencies\/diseases\/novel-coronavirus-2019\/technical-guidance\" target=\"_new\" rel=\"noopener\" data-start=\"219\" data-end=\"393\" data-is-only-node=\"\">https:\/\/www.who.int\/fr\/emergencies\/diseases\/novel-coronavirus-2019\/technical-guidance<\/a>.<\/li>\n<li data-start=\"396\" data-end=\"786\"><strong data-start=\"381\" data-end=\"424\">Organizaci\u00f3n Mundial de la Salud (OMS).<\/strong> (2024, 11 de marzo). Directrices sobre seguridad biol\u00f3gica en laboratorios en relaci\u00f3n con el SARS-CoV-2 (COVID-19). Directrices provisionales, actualizaci\u00f3n del 11 de marzo de 2024. Recuperado de <a href=\"https:\/\/iris.who.int\/bitstream\/handle\/10665\/376333\/WHO-WHE-EPP-2024.3-fre.pdf\" target=\"_new\" rel=\"noopener\" data-start=\"627\" data-end=\"785\" data-is-only-node=\"\">https:\/\/iris.who.int\/bitstream\/handle\/10665\/376333\/WHO-WHE-EPP-2024.3-fre.pdf<\/a>.<\/li>\n<li data-start=\"788\" data-end=\"1169\"><strong data-start=\"787\" data-end=\"830\">Organizaci\u00f3n Mundial de la Salud (OMS).<\/strong> (2023, 13 de enero). Prevenci\u00f3n y control de infecciones en el contexto de la enfermedad por coronavirus 2019 (COVID-19): directrices evolutivas. Recuperado de <a href=\"https:\/\/iris.who.int\/bitstream\/handle\/10665\/366635\/WHO-2019-nCoV-ipc-guideline-2023.1-fre.pdf\" target=\"_new\" rel=\"noopener\" data-start=\"978\" data-end=\"1168\" data-is-only-node=\"\">https:\/\/iris.who.int\/bitstream\/handle\/10665\/366635\/WHO-2019-nCoV-ipc-guideline-2023.1-fre.pdf<\/a>.<\/li>\n<li data-start=\"1171\" data-end=\"1602\"><strong data-start=\"1188\" data-end=\"1231\">Organizaci\u00f3n Mundial de la Salud (OMS).<\/strong> (2020, 29 de julio). Agua, saneamiento, higiene y gesti\u00f3n de residuos en relaci\u00f3n con el SARS-CoV-2, el virus responsable de la COVID-19. Directrices provisionales. Recuperado de <a href=\"https:\/\/iris.who.int\/bitstream\/handle\/10665\/334037\/WHO-2019-nCoV-IPC_WASH-2020.4-fre.pdf?sequence=1\" target=\"_new\" rel=\"noopener\" data-start=\"1399\" data-end=\"1601\" data-is-only-node=\"\">https:\/\/iris.who.int\/bitstream\/handle\/10665\/334037\/WHO-2019-nCoV-IPC_WASH-2020.4-fre.pdf?sequence=1<\/a>.<\/li>\n<\/ul>\n","protected":false},"excerpt":{"rendered":"<p>Hace cinco a\u00f1os, una amenaza invisible sacudi\u00f3 nuestro mundo, revelando muchos aspectos. M\u00e1s all\u00e1 de [&hellip;]<\/p>\n","protected":false},"author":9,"featured_media":28949,"comment_status":"closed","ping_status":"closed","sticky":false,"template":"","format":"standard","meta":{"_acf_changed":false,"inline_featured_image":false,"footnotes":""},"categories":[62,52,7],"tags":[302,75,248,151],"class_list":["post-29081","post","type-post","status-publish","format-standard","has-post-thumbnail","hentry","category-articles-es","category-news-es","category-sin-categorizar","tag-atencion-sanitaria","tag-covid19-es","tag-residuos-infecciosos","tag-residuos-medicos"],"acf":[],"yoast_head":"<!-- This site is optimized with the Yoast SEO plugin v27.4 - https:\/\/yoast.com\/product\/yoast-seo-wordpress\/ -->\n<title>Hace 5 a\u00f1os, la Covid sacudi\u00f3 nuestro mundo\u2026 \u00bfQu\u00e9 hemos aprendido?<\/title>\n<meta name=\"description\" content=\"La desinfecci\u00f3n de los residuos m\u00e9dicos durante la pandemia de COVID-19 fue una preocupaci\u00f3n central. \u00bfY ahora?\" \/>\n<meta name=\"robots\" content=\"index, follow, max-snippet:-1, max-image-preview:large, max-video-preview:-1\" \/>\n<link rel=\"canonical\" href=\"https:\/\/www.ecosteryl.com\/es\/hace-5-anos-la-covid-sacudio-nuestro-mundo-que-hemos-aprendido\/\" \/>\n<meta property=\"og:locale\" content=\"es_ES\" \/>\n<meta property=\"og:type\" content=\"article\" \/>\n<meta property=\"og:title\" content=\"Hace 5 a\u00f1os, la Covid sacudi\u00f3 nuestro mundo\u2026 \u00bfQu\u00e9 hemos aprendido?\" \/>\n<meta property=\"og:description\" content=\"La desinfecci\u00f3n de los residuos m\u00e9dicos durante la pandemia de COVID-19 fue una preocupaci\u00f3n central. \u00bfY ahora?\" \/>\n<meta property=\"og:url\" content=\"https:\/\/www.ecosteryl.com\/es\/hace-5-anos-la-covid-sacudio-nuestro-mundo-que-hemos-aprendido\/\" \/>\n<meta property=\"og:site_name\" content=\"Ecosteryl\" \/>\n<meta property=\"article:publisher\" content=\"https:\/\/www.facebook.com\/Ecosteryl\" \/>\n<meta property=\"article:published_time\" content=\"2025-03-19T10:37:31+00:00\" \/>\n<meta property=\"og:image\" content=\"https:\/\/www.ecosteryl.com\/app\/uploads\/2025\/03\/cover-covid-blog.jpg\" \/>\n\t<meta property=\"og:image:width\" content=\"2000\" \/>\n\t<meta property=\"og:image:height\" content=\"712\" \/>\n\t<meta property=\"og:image:type\" content=\"image\/jpeg\" \/>\n<meta name=\"author\" content=\"Capucine Villers\" \/>\n<meta name=\"twitter:card\" content=\"summary_large_image\" \/>\n<meta name=\"twitter:creator\" content=\"@ecosteryl\" \/>\n<meta name=\"twitter:site\" content=\"@ecosteryl\" \/>\n<meta name=\"twitter:label1\" content=\"Written by\" \/>\n\t<meta name=\"twitter:data1\" content=\"Capucine Villers\" \/>\n\t<meta name=\"twitter:label2\" content=\"Est. reading time\" \/>\n\t<meta name=\"twitter:data2\" content=\"8 minutes\" \/>\n<script type=\"application\/ld+json\" class=\"yoast-schema-graph\">{\"@context\":\"https:\\\/\\\/schema.org\",\"@graph\":[{\"@type\":\"Article\",\"@id\":\"https:\\\/\\\/www.ecosteryl.com\\\/es\\\/hace-5-anos-la-covid-sacudio-nuestro-mundo-que-hemos-aprendido\\\/#article\",\"isPartOf\":{\"@id\":\"https:\\\/\\\/www.ecosteryl.com\\\/es\\\/hace-5-anos-la-covid-sacudio-nuestro-mundo-que-hemos-aprendido\\\/\"},\"author\":{\"name\":\"Capucine Villers\",\"@id\":\"https:\\\/\\\/www.ecosteryl.com\\\/en\\\/#\\\/schema\\\/person\\\/e72b42cd784a4ee6ad1c3737b7f7b615\"},\"headline\":\"Hace 5 a\u00f1os, la Covid sacudi\u00f3 nuestro mundo\u2026 \u00bfQu\u00e9 hemos aprendido?\",\"datePublished\":\"2025-03-19T10:37:31+00:00\",\"mainEntityOfPage\":{\"@id\":\"https:\\\/\\\/www.ecosteryl.com\\\/es\\\/hace-5-anos-la-covid-sacudio-nuestro-mundo-que-hemos-aprendido\\\/\"},\"wordCount\":1579,\"image\":{\"@id\":\"https:\\\/\\\/www.ecosteryl.com\\\/es\\\/hace-5-anos-la-covid-sacudio-nuestro-mundo-que-hemos-aprendido\\\/#primaryimage\"},\"thumbnailUrl\":\"https:\\\/\\\/www.ecosteryl.com\\\/app\\\/uploads\\\/2025\\\/03\\\/cover-covid-blog.jpg\",\"keywords\":[\"atenci\u00f3n sanitaria\",\"covid19\",\"Residuos infecciosos\",\"residuos m\u00e9dicos\"],\"articleSection\":[\"Art\u00edculos\",\"Noticias\",\"Sin categorizar\"],\"inLanguage\":\"es-ES\"},{\"@type\":\"WebPage\",\"@id\":\"https:\\\/\\\/www.ecosteryl.com\\\/es\\\/hace-5-anos-la-covid-sacudio-nuestro-mundo-que-hemos-aprendido\\\/\",\"url\":\"https:\\\/\\\/www.ecosteryl.com\\\/es\\\/hace-5-anos-la-covid-sacudio-nuestro-mundo-que-hemos-aprendido\\\/\",\"name\":\"Hace 5 a\u00f1os, la Covid sacudi\u00f3 nuestro mundo\u2026 \u00bfQu\u00e9 hemos aprendido?\",\"isPartOf\":{\"@id\":\"https:\\\/\\\/www.ecosteryl.com\\\/en\\\/#website\"},\"primaryImageOfPage\":{\"@id\":\"https:\\\/\\\/www.ecosteryl.com\\\/es\\\/hace-5-anos-la-covid-sacudio-nuestro-mundo-que-hemos-aprendido\\\/#primaryimage\"},\"image\":{\"@id\":\"https:\\\/\\\/www.ecosteryl.com\\\/es\\\/hace-5-anos-la-covid-sacudio-nuestro-mundo-que-hemos-aprendido\\\/#primaryimage\"},\"thumbnailUrl\":\"https:\\\/\\\/www.ecosteryl.com\\\/app\\\/uploads\\\/2025\\\/03\\\/cover-covid-blog.jpg\",\"datePublished\":\"2025-03-19T10:37:31+00:00\",\"author\":{\"@id\":\"https:\\\/\\\/www.ecosteryl.com\\\/en\\\/#\\\/schema\\\/person\\\/e72b42cd784a4ee6ad1c3737b7f7b615\"},\"description\":\"La desinfecci\u00f3n de los residuos m\u00e9dicos durante la pandemia de COVID-19 fue una preocupaci\u00f3n central. \u00bfY ahora?\",\"breadcrumb\":{\"@id\":\"https:\\\/\\\/www.ecosteryl.com\\\/es\\\/hace-5-anos-la-covid-sacudio-nuestro-mundo-que-hemos-aprendido\\\/#breadcrumb\"},\"inLanguage\":\"es-ES\",\"potentialAction\":[{\"@type\":\"ReadAction\",\"target\":[\"https:\\\/\\\/www.ecosteryl.com\\\/es\\\/hace-5-anos-la-covid-sacudio-nuestro-mundo-que-hemos-aprendido\\\/\"]}]},{\"@type\":\"ImageObject\",\"inLanguage\":\"es-ES\",\"@id\":\"https:\\\/\\\/www.ecosteryl.com\\\/es\\\/hace-5-anos-la-covid-sacudio-nuestro-mundo-que-hemos-aprendido\\\/#primaryimage\",\"url\":\"https:\\\/\\\/www.ecosteryl.com\\\/app\\\/uploads\\\/2025\\\/03\\\/cover-covid-blog.jpg\",\"contentUrl\":\"https:\\\/\\\/www.ecosteryl.com\\\/app\\\/uploads\\\/2025\\\/03\\\/cover-covid-blog.jpg\",\"width\":2000,\"height\":712,\"caption\":\"Ecosteryl face au covid 19\"},{\"@type\":\"BreadcrumbList\",\"@id\":\"https:\\\/\\\/www.ecosteryl.com\\\/es\\\/hace-5-anos-la-covid-sacudio-nuestro-mundo-que-hemos-aprendido\\\/#breadcrumb\",\"itemListElement\":[{\"@type\":\"ListItem\",\"position\":1,\"name\":\"Accueil\",\"item\":\"https:\\\/\\\/www.ecosteryl.com\\\/es\\\/\"},{\"@type\":\"ListItem\",\"position\":2,\"name\":\"Hace 5 a\u00f1os, la Covid sacudi\u00f3 nuestro mundo\u2026 \u00bfQu\u00e9 hemos aprendido?\"}]},{\"@type\":\"WebSite\",\"@id\":\"https:\\\/\\\/www.ecosteryl.com\\\/en\\\/#website\",\"url\":\"https:\\\/\\\/www.ecosteryl.com\\\/en\\\/\",\"name\":\"Ecosteryl\",\"description\":\"\",\"potentialAction\":[{\"@type\":\"SearchAction\",\"target\":{\"@type\":\"EntryPoint\",\"urlTemplate\":\"https:\\\/\\\/www.ecosteryl.com\\\/en\\\/?s={search_term_string}\"},\"query-input\":{\"@type\":\"PropertyValueSpecification\",\"valueRequired\":true,\"valueName\":\"search_term_string\"}}],\"inLanguage\":\"es-ES\"},{\"@type\":\"Person\",\"@id\":\"https:\\\/\\\/www.ecosteryl.com\\\/en\\\/#\\\/schema\\\/person\\\/e72b42cd784a4ee6ad1c3737b7f7b615\",\"name\":\"Capucine Villers\",\"image\":{\"@type\":\"ImageObject\",\"inLanguage\":\"es-ES\",\"@id\":\"https:\\\/\\\/secure.gravatar.com\\\/avatar\\\/eb2de21fd854977b7eef708059864bceed6a81fd893a199c71b7f4ff2d7309a8?s=96&d=mm&r=g\",\"url\":\"https:\\\/\\\/secure.gravatar.com\\\/avatar\\\/eb2de21fd854977b7eef708059864bceed6a81fd893a199c71b7f4ff2d7309a8?s=96&d=mm&r=g\",\"contentUrl\":\"https:\\\/\\\/secure.gravatar.com\\\/avatar\\\/eb2de21fd854977b7eef708059864bceed6a81fd893a199c71b7f4ff2d7309a8?s=96&d=mm&r=g\",\"caption\":\"Capucine Villers\"},\"url\":\"https:\\\/\\\/www.ecosteryl.com\\\/es\\\/author\\\/capucine\\\/\"}]}<\/script>\n<!-- \/ Yoast SEO plugin. -->","yoast_head_json":{"title":"Hace 5 a\u00f1os, la Covid sacudi\u00f3 nuestro mundo\u2026 \u00bfQu\u00e9 hemos aprendido?","description":"La desinfecci\u00f3n de los residuos m\u00e9dicos durante la pandemia de COVID-19 fue una preocupaci\u00f3n central. \u00bfY ahora?","robots":{"index":"index","follow":"follow","max-snippet":"max-snippet:-1","max-image-preview":"max-image-preview:large","max-video-preview":"max-video-preview:-1"},"canonical":"https:\/\/www.ecosteryl.com\/es\/hace-5-anos-la-covid-sacudio-nuestro-mundo-que-hemos-aprendido\/","og_locale":"es_ES","og_type":"article","og_title":"Hace 5 a\u00f1os, la Covid sacudi\u00f3 nuestro mundo\u2026 \u00bfQu\u00e9 hemos aprendido?","og_description":"La desinfecci\u00f3n de los residuos m\u00e9dicos durante la pandemia de COVID-19 fue una preocupaci\u00f3n central. \u00bfY ahora?","og_url":"https:\/\/www.ecosteryl.com\/es\/hace-5-anos-la-covid-sacudio-nuestro-mundo-que-hemos-aprendido\/","og_site_name":"Ecosteryl","article_publisher":"https:\/\/www.facebook.com\/Ecosteryl","article_published_time":"2025-03-19T10:37:31+00:00","og_image":[{"width":2000,"height":712,"url":"https:\/\/www.ecosteryl.com\/app\/uploads\/2025\/03\/cover-covid-blog.jpg","type":"image\/jpeg"}],"author":"Capucine Villers","twitter_card":"summary_large_image","twitter_creator":"@ecosteryl","twitter_site":"@ecosteryl","twitter_misc":{"Written by":"Capucine Villers","Est. reading time":"8 minutes"},"schema":{"@context":"https:\/\/schema.org","@graph":[{"@type":"Article","@id":"https:\/\/www.ecosteryl.com\/es\/hace-5-anos-la-covid-sacudio-nuestro-mundo-que-hemos-aprendido\/#article","isPartOf":{"@id":"https:\/\/www.ecosteryl.com\/es\/hace-5-anos-la-covid-sacudio-nuestro-mundo-que-hemos-aprendido\/"},"author":{"name":"Capucine Villers","@id":"https:\/\/www.ecosteryl.com\/en\/#\/schema\/person\/e72b42cd784a4ee6ad1c3737b7f7b615"},"headline":"Hace 5 a\u00f1os, la Covid sacudi\u00f3 nuestro mundo\u2026 \u00bfQu\u00e9 hemos aprendido?","datePublished":"2025-03-19T10:37:31+00:00","mainEntityOfPage":{"@id":"https:\/\/www.ecosteryl.com\/es\/hace-5-anos-la-covid-sacudio-nuestro-mundo-que-hemos-aprendido\/"},"wordCount":1579,"image":{"@id":"https:\/\/www.ecosteryl.com\/es\/hace-5-anos-la-covid-sacudio-nuestro-mundo-que-hemos-aprendido\/#primaryimage"},"thumbnailUrl":"https:\/\/www.ecosteryl.com\/app\/uploads\/2025\/03\/cover-covid-blog.jpg","keywords":["atenci\u00f3n sanitaria","covid19","Residuos infecciosos","residuos m\u00e9dicos"],"articleSection":["Art\u00edculos","Noticias","Sin categorizar"],"inLanguage":"es-ES"},{"@type":"WebPage","@id":"https:\/\/www.ecosteryl.com\/es\/hace-5-anos-la-covid-sacudio-nuestro-mundo-que-hemos-aprendido\/","url":"https:\/\/www.ecosteryl.com\/es\/hace-5-anos-la-covid-sacudio-nuestro-mundo-que-hemos-aprendido\/","name":"Hace 5 a\u00f1os, la Covid sacudi\u00f3 nuestro mundo\u2026 \u00bfQu\u00e9 hemos aprendido?","isPartOf":{"@id":"https:\/\/www.ecosteryl.com\/en\/#website"},"primaryImageOfPage":{"@id":"https:\/\/www.ecosteryl.com\/es\/hace-5-anos-la-covid-sacudio-nuestro-mundo-que-hemos-aprendido\/#primaryimage"},"image":{"@id":"https:\/\/www.ecosteryl.com\/es\/hace-5-anos-la-covid-sacudio-nuestro-mundo-que-hemos-aprendido\/#primaryimage"},"thumbnailUrl":"https:\/\/www.ecosteryl.com\/app\/uploads\/2025\/03\/cover-covid-blog.jpg","datePublished":"2025-03-19T10:37:31+00:00","author":{"@id":"https:\/\/www.ecosteryl.com\/en\/#\/schema\/person\/e72b42cd784a4ee6ad1c3737b7f7b615"},"description":"La desinfecci\u00f3n de los residuos m\u00e9dicos durante la pandemia de COVID-19 fue una preocupaci\u00f3n central. \u00bfY ahora?","breadcrumb":{"@id":"https:\/\/www.ecosteryl.com\/es\/hace-5-anos-la-covid-sacudio-nuestro-mundo-que-hemos-aprendido\/#breadcrumb"},"inLanguage":"es-ES","potentialAction":[{"@type":"ReadAction","target":["https:\/\/www.ecosteryl.com\/es\/hace-5-anos-la-covid-sacudio-nuestro-mundo-que-hemos-aprendido\/"]}]},{"@type":"ImageObject","inLanguage":"es-ES","@id":"https:\/\/www.ecosteryl.com\/es\/hace-5-anos-la-covid-sacudio-nuestro-mundo-que-hemos-aprendido\/#primaryimage","url":"https:\/\/www.ecosteryl.com\/app\/uploads\/2025\/03\/cover-covid-blog.jpg","contentUrl":"https:\/\/www.ecosteryl.com\/app\/uploads\/2025\/03\/cover-covid-blog.jpg","width":2000,"height":712,"caption":"Ecosteryl face au covid 19"},{"@type":"BreadcrumbList","@id":"https:\/\/www.ecosteryl.com\/es\/hace-5-anos-la-covid-sacudio-nuestro-mundo-que-hemos-aprendido\/#breadcrumb","itemListElement":[{"@type":"ListItem","position":1,"name":"Accueil","item":"https:\/\/www.ecosteryl.com\/es\/"},{"@type":"ListItem","position":2,"name":"Hace 5 a\u00f1os, la Covid sacudi\u00f3 nuestro mundo\u2026 \u00bfQu\u00e9 hemos aprendido?"}]},{"@type":"WebSite","@id":"https:\/\/www.ecosteryl.com\/en\/#website","url":"https:\/\/www.ecosteryl.com\/en\/","name":"Ecosteryl","description":"","potentialAction":[{"@type":"SearchAction","target":{"@type":"EntryPoint","urlTemplate":"https:\/\/www.ecosteryl.com\/en\/?s={search_term_string}"},"query-input":{"@type":"PropertyValueSpecification","valueRequired":true,"valueName":"search_term_string"}}],"inLanguage":"es-ES"},{"@type":"Person","@id":"https:\/\/www.ecosteryl.com\/en\/#\/schema\/person\/e72b42cd784a4ee6ad1c3737b7f7b615","name":"Capucine Villers","image":{"@type":"ImageObject","inLanguage":"es-ES","@id":"https:\/\/secure.gravatar.com\/avatar\/eb2de21fd854977b7eef708059864bceed6a81fd893a199c71b7f4ff2d7309a8?s=96&d=mm&r=g","url":"https:\/\/secure.gravatar.com\/avatar\/eb2de21fd854977b7eef708059864bceed6a81fd893a199c71b7f4ff2d7309a8?s=96&d=mm&r=g","contentUrl":"https:\/\/secure.gravatar.com\/avatar\/eb2de21fd854977b7eef708059864bceed6a81fd893a199c71b7f4ff2d7309a8?s=96&d=mm&r=g","caption":"Capucine Villers"},"url":"https:\/\/www.ecosteryl.com\/es\/author\/capucine\/"}]}},"_links":{"self":[{"href":"https:\/\/www.ecosteryl.com\/es\/wp-json\/wp\/v2\/posts\/29081","targetHints":{"allow":["GET"]}}],"collection":[{"href":"https:\/\/www.ecosteryl.com\/es\/wp-json\/wp\/v2\/posts"}],"about":[{"href":"https:\/\/www.ecosteryl.com\/es\/wp-json\/wp\/v2\/types\/post"}],"author":[{"embeddable":true,"href":"https:\/\/www.ecosteryl.com\/es\/wp-json\/wp\/v2\/users\/9"}],"replies":[{"embeddable":true,"href":"https:\/\/www.ecosteryl.com\/es\/wp-json\/wp\/v2\/comments?post=29081"}],"version-history":[{"count":1,"href":"https:\/\/www.ecosteryl.com\/es\/wp-json\/wp\/v2\/posts\/29081\/revisions"}],"predecessor-version":[{"id":29082,"href":"https:\/\/www.ecosteryl.com\/es\/wp-json\/wp\/v2\/posts\/29081\/revisions\/29082"}],"wp:featuredmedia":[{"embeddable":true,"href":"https:\/\/www.ecosteryl.com\/es\/wp-json\/wp\/v2\/media\/28949"}],"wp:attachment":[{"href":"https:\/\/www.ecosteryl.com\/es\/wp-json\/wp\/v2\/media?parent=29081"}],"wp:term":[{"taxonomy":"category","embeddable":true,"href":"https:\/\/www.ecosteryl.com\/es\/wp-json\/wp\/v2\/categories?post=29081"},{"taxonomy":"post_tag","embeddable":true,"href":"https:\/\/www.ecosteryl.com\/es\/wp-json\/wp\/v2\/tags?post=29081"}],"curies":[{"name":"wp","href":"https:\/\/api.w.org\/{rel}","templated":true}]}}