{"id":5023,"date":"2021-05-13T16:51:51","date_gmt":"2021-05-13T16:51:51","guid":{"rendered":"https:\/\/www.ecosteryl.com\/solutions-pour-gerer-laugmentation-massive-des-dechets-medicaux-lies-au-covid-19\/"},"modified":"2023-08-09T14:52:14","modified_gmt":"2023-08-09T14:52:14","slug":"el-panorama-de-los-residuos-medicos-un-plato-amargo-que-nos-deja-el-covid-19","status":"publish","type":"post","link":"https:\/\/www.ecosteryl.com\/es\/el-panorama-de-los-residuos-medicos-un-plato-amargo-que-nos-deja-el-covid-19\/","title":{"rendered":"El Panorama de los Residuos M\u00e9dicos: un plato amargo que nos deja el COVID-19"},"content":{"rendered":"<h3>Andrew Cantillo, experto en gesti\u00f3n de residuos m\u00e9dicos y soluciones ecol\u00f3gicas, nos da su opini\u00f3n fundamentada sobre el fuerte aumento de los residuos m\u00e9dicos durante la crisis de COVID-19 y su futuro impacto en el sector que los gestiona.<\/h3>\n<p>&nbsp;<\/p>\n<p>Sobra decir que actualmente el principal inter\u00e9s de cada pa\u00eds es contribuir activamente a la lucha contra un enemigo com\u00fan, conocido por muchos y odiado a la vez por todos: el COVID-19, que se convirti\u00f3 en la principal preocupaci\u00f3n transfronteriza de una manera tan r\u00e1pida como su propia transmisibilidad, as\u00ed dando lugar a una carrera que busca evitar m\u00e1s muertes y nuevos contagios.<\/p>\n<p>Pero nos hemos preguntado, \u00bfqu\u00e9 pasar\u00e1 una vez que lleguemos a la meta de dicha carrera? Entre los muchos factores a analizar, se encuentra uno, escondido entre las sombras y poco observado: la crisis y el aumento exponencial de los residuos infecciosos generados por los hospitales durante la pandemia. No lo hab\u00edamos visto as\u00ed, pero este ser\u00e1 sin dudas uno de los ingredientes principales de ese plato amargo y fr\u00edo que nos ha dejado el calamitoso COVID-19 y que se convertir\u00e1 de paso, sin ir muy lejos, en el nuevo dolor de cabeza de la pr\u00f3xima d\u00e9cada.<\/p>\n<h2>Algunas cifras sobre el aumento de los residuos m\u00e9dicos infecciosos<\/h2>\n<p>Solo por mencionar algunas cifras, en la ciudad de Wuhan, donde se present\u00f3 el epicentro de la pandemia, se pas\u00f3 de una generaci\u00f3n <a href=\"https:\/\/www.ncbi.nlm.nih.gov\/pmc\/articles\/PMC7383137\/\" target=\"_blank\" rel=\"noopener\">de 45 a 247 toneladas<\/a> de residuos diarias&#8230; s\u00ed, diarias, y s\u00ed, 247 toneladas de desechos m\u00e9dicos infecciosos cada 24 horas.<\/p>\n<p>En Europa, seg\u00fan informaci\u00f3n comunicada por <a href=\"https:\/\/www.suez.com\/en\/news\/covid-19-suez-mobilised-to-treat-infectious-biomedical-waste\" target=\"_blank\" rel=\"noopener\">SUEZ<\/a>, hubo un incremento del 30 al 50% en la generaci\u00f3n de residuos hospitalarios en Francia y los Pa\u00edses Bajos, y en ciudades como Madrid y Barcelona el aumento fue de un alarmante 300% seg\u00fan<a href=\"https:\/\/www.eldiario.es\/sociedad\/residuos-coronavirus_1_5916070.html\" target=\"_blank\" rel=\"noopener\"> las agencias de residuos de las comunidades de Catalu\u00f1a y Madrid.<\/a><\/p>\n<p>Todo esto sin mencionar que, al otro lado del Atl\u00e1ntico, varios factores han ahora puesto a Am\u00e9rica Latina en el centro de la pandemia.<\/p>\n<p>\u00bfEsto qu\u00e9 significa? Correcto, que habr\u00e1 cada vez una mayor producci\u00f3n de residuos infecciosos a nivel mundial, cada d\u00eda, cada hora, cada segundo; y hablamos aqu\u00ed, sin exagerar, de un aumento en la generaci\u00f3n de los residuos m\u00e9dicos tan dr\u00e1stico que no tendr\u00e1 precedentes por muchos a\u00f1os.<\/p>\n<h2>\u00bfQu\u00e9 podemos hacer entonces y qu\u00e9 existe actualmente para mitigar el impacto de esta situaci\u00f3n que nos va a acechar pronto?<\/h2>\n<p>Es un hecho, a nivel mundial, la gesti\u00f3n de los desechos m\u00e9dicos representa un desaf\u00edo, esencialmente debido a los limitados avances tecnol\u00f3gicos en la materia, la escasa conciencia ambiental y el uso excesivo de una plataforma industrial tradicional: algunos pa\u00edses del mundo tan s\u00f3lo recurren a la incineraci\u00f3n o al uso de autoclaves como soluciones para tratar sus residuos m\u00e9dicos.<\/p>\n<p>Existen as\u00ed, y creo que la gran mayor\u00eda estar\u00e1 de acuerdo con ello, muy buenos motivos para redefinir nuestro actual enfoque en cuanto a la manera en la que estamos gestionando los desechos cl\u00ednicos en el mundo, y al mismo tiempo, establecer acciones y estrategias que nos permitan reevaluar y mejorar dicha gesti\u00f3n. La industria deber\u00eda ser capaz de ir m\u00e1s all\u00e1 del conocido esquema de recolecci\u00f3n, tratamiento y eliminaci\u00f3n final de residuos infecciosos y promover buenas pr\u00e1cticas a trav\u00e9s de soluciones que tambi\u00e9n consideren un asunto tan importante como la protecci\u00f3n del medio ambiente.<\/p>\n<h2>\u00bfQu\u00e9 nos propone la industria?<\/h2>\n<p>Una de las tecnolog\u00edas m\u00e1s tradicionales: <strong>la incineraci\u00f3n<\/strong>, que se practica ampliamente desde hace mucho tiempo, pero que resuelve un problema mientras crea otro. La <a href=\"https:\/\/www.who.int\/news-room\/fact-sheets\/detail\/dioxins-and-their-effects-on-human-health\" target=\"_blank\" rel=\"noopener\">Organizaci\u00f3n Mundial de la Salud ha declarado ya que las dioxinas representan una de las sustancias m\u00e1s t\u00f3xicas de la tierra para el ser humano <\/a>y, bueno, no hay sorpresa: la <a href=\"http:\/\/www.ejnet.org\/dioxin\/\" target=\"_blank\" rel=\"noopener\">Agencia de Protecci\u00f3n Ambiental<\/a> tambi\u00e9n declar\u00f3 que los incineradores de residuos hospitalarios son los responsables del 40% de la contaminaci\u00f3n atmosf\u00e9rica por dioxinas en los Estados Unidos.<\/p>\n<p>As\u00edmismo, <a href=\"https:\/\/www.researchgate.net\/publication\/334563514_Environmental_and_health_risks_related_to_waste_incineration\" target=\"_blank\" rel=\"noopener\">estudios<\/a> realizados en Jap\u00f3n, Espa\u00f1a y Alemania demuestran que las personas que trabajan en las plantas de incineraci\u00f3n -pero tambi\u00e9n los residentes que viven cerca de estas plantas- tienen niveles de concentraci\u00f3n de sustancias t\u00f3xicas significativamente m\u00e1s altos en sus cuerpos. Sabemos todo esto y, aun as\u00ed, seguimos incinerando, e incluso hay pa\u00edses que siguen llevando a cabo esta pr\u00e1ctica sin los debidos controles de emisiones y estrictos an\u00e1lisis de calidad bimensuales que deben hacerse, especialmente en aquellos incineradores que tratan residuos m\u00e9dicos.<\/p>\n<p>Sin embargo, es justo decir que existen alternativas tecnol\u00f3gicas m\u00e1s limpias y seguras que permiten el tratamiento de los desechos infecciosos sin necesidad de recurrir a la incineraci\u00f3n, como lo es el uso de autoclaves y el uso de soluciones el\u00e9ctricas. Sin embargo, teniendo en cuenta nuestra cuesti\u00f3n sobre el medio ambiente, y hablando en primer lugar sobre las<strong> autoclaves<\/strong> (uso de agua + vapor saturado), \u00bfd\u00f3nde estar\u00eda la grieta? Decidir utilizar autoclaves significa que se tiene que consumir cantidades importantes de agua, y esto les digo: es lo \u00faltimo que deseamos hacer. En caso de que no se hubiesen enterado (no es mi intenci\u00f3n alertarlos), en diciembre del a\u00f1o pasado <a href=\"https:\/\/elpais.com\/clima-y-medio-ambiente\/2020-12-08\/que-significa-que-el-agua-empiece-a-cotizar-en-el-mercado-de-futuros-de-wall-street.html\" target=\"_blank\" rel=\"noopener\">el agua comenz\u00f3 a cotizar en Wall Street<\/a>, as\u00ed es, y su precio fluctuar\u00e1 como en el caso del petr\u00f3leo, el oro o el trigo.<\/p>\n<p>Bueno, lo admito: s\u00ed los alert\u00e9. Que el agua comience a cotizar en la bolsa significa que, por primera vez, el mercado percibe que existe una posibilidad de que este recurso natural falte en un futuro cercano. Hablamos de una probabilidad que hasta hoy no exist\u00eda ni se hab\u00eda contemplado, por lo que estoy segura de que la decisi\u00f3n de utilizar agua en autoclaves y otros procesos reemplazables ser\u00e1 sin dudas fuertemente criticada en un futuro cercano en el que este recurso tenga un valor fluctuante.<\/p>\n<p>Al leer todo esto, parecer\u00eda entonces que no hay ninguna salida de emergencia para la gran cantidad de residuos m\u00e9dicos que se est\u00e1n generando cada d\u00eda a causa de la pandemia, y siento que mientras escribo una palabra m\u00e1s, otra tonelada de residuos se produce, o muchas toneladas m\u00e1s en realidad. Pero existen soluciones, los tranquilizo.<\/p>\n<blockquote>\n<h2><em>\u00bfQu\u00e9 les parece si les hablo de procesos que utilizan <strong>100% electricidad?<\/strong><\/em><\/h2>\n<\/blockquote>\n<p>De hecho, la industria del tratamiento de residuos m\u00e9dicos puede ser vanguardista, sin caer en la trampa de la tradici\u00f3n y del uso convencional de tecnolog\u00edas que ya cumplieron con su deber, pero que deben dar paso a otras.<\/p>\n<p>Y entonces, \u00bfes posible innovar en la industria de la gesti\u00f3n de residuos m\u00e9dicos? Absolutamente. Una de las soluciones m\u00e1s cercanas a esta realidad casi ut\u00f3pica en la que quisi\u00e9ramos procesar correctamente los desechos infecciosos y todo esto sin impactar al medio ambiente, es aquella que se relaciona con el uso exclusivo de electricidad, particularmente a trav\u00e9s del uso de <strong>microondas,<\/strong> no las de la cocina, sino microondas industriales que descontaminan los residuos m\u00e9dicos y que van acompa\u00f1adas de un estudiado proceso integral de destrucci\u00f3n de estos residuos de alta sensibilidad.<\/p>\n<h2>\u00bfRepresentar\u00eda el uso de microondas una soluci\u00f3n eficiente y ecol\u00f3gica para la gesti\u00f3n de los residuos m\u00e9dicos?<\/h2>\n<p>Los sistemas para la descontaminaci\u00f3n de residuos m\u00e9dicos que utilizan microondas y resistencias el\u00e9ctricas demuestran que los avances en direcci\u00f3n de la promoci\u00f3n de la ecolog\u00eda van por buen camino. Y las empresas, as\u00ed como la industria y los generadores de residuos, deben entender que los cambios tecnol\u00f3gicos crean oportunidades que se ver\u00e1n ampliadas por la convergencia de este tipo de iniciativas.<\/p>\n<p><a href=\"https:\/\/elpais.com\/clima-y-medio-ambiente\/2020-12-08\/que-significa-que-el-agua-empiece-a-cotizar-en-el-mercado-de-futuros-de-wall-street.html\" target=\"_blank\" rel=\"noopener\">Estudios<\/a> publicados por revistas de biomedicina desde 1966 han comprobado que las microondas producen efectos significativos en la forma en la cual se destruyen los microorganismos, ofreciendo al mercado alternativas desconocidas en ese momento, y todo esto ha permitido que hoy en d\u00eda se abran puertas a procesos el\u00e9ctricos, de flujo continuo, respetuosos con el medio ambiente, que no emiten emisiones, no consumen recursos naturales y que evitan completamente el uso de recursos no renovables, creando as\u00ed soluciones m\u00e1s seguras tanto para los humanos como para el medio ambiente.<\/p>\n<h2>\u00bfQu\u00e9 m\u00e1s se puede hacer para el \u00e1rea de gesti\u00f3n de residuos m\u00e9dicos?<\/h2>\n<p>Mucho, afortunadamente. Gracias al uso de procesos m\u00e1s limpios que involucran el uso de microondas o tecnolog\u00edas 100% el\u00e9ctricas, los residuos tratados est\u00e1n predispuestos a ser reciclados y valorizados, \u00bfqui\u00e9n lo hubiera dicho?<\/p>\n<p>Imag\u00ednense por ejemplo un escenario ideal en el que los envases pl\u00e1sticos utilizados para guardar residuos infecciosos puedan triturarse, descontaminarse totalmente \u00fanicamente con electricidad, y luego ser clasificados por tipo de material y color, para luego ser convertidos en pellets y, en una \u00faltima etapa, ser transformados en los mismos envases pl\u00e1sticos que una vez fueron. <strong>Econom\u00eda circular en su estado puro.<\/strong><\/p>\n<p>Pues, \u00a1esto ya existe! La industria avanza a un paso lento pero seguro, y este tipo de iniciativas ya se ven en algunos pa\u00edses a trav\u00e9s de fabricantes que apuestan por un futuro visionario, y que proponen tecnolog\u00edas complementarias: descontaminaci\u00f3n de desechos m\u00e9dicos con procesos secos (microondas\/resistencias el\u00e9ctricas) + clasificaci\u00f3n &amp; valorizaci\u00f3n de los materiales valiosos con sensores \u00f3pticos y l\u00e1ser.<\/p>\n<p>Y es un hecho, el sector m\u00e9dico en todo el mundo ha experimentado un importante aumento en el uso de productos de pl\u00e1stico desechables, y mucho m\u00e1s ahora con la impactante cifra que aumenta cada d\u00eda por culpa de la crisis de COVID-19. Es entonces cuando la innovaci\u00f3n debe dirigirse hacia la creaci\u00f3n de estrategias de valorizaci\u00f3n de los residuos m\u00e9dicos una vez han sido tratados, esto sin mencionar la cantidad significativa de proyectos que es posible desarrollar en materia de sostenibilidad, reciclaje y aprovechamiento energ\u00e9tico de los desechos.<\/p>\n<h2>La eliminaci\u00f3n respetuosa de los residuos m\u00e9dicos deber\u00eda ser la norma de oro del sector<\/h2>\n<p>La industria de la gesti\u00f3n de residuos m\u00e9dicos avanza y sus actores tambi\u00e9n, \u00a1y queremos que eso siga as\u00ed!, especialmente en estos tiempos sin precedentes que estamos viviendo actualmente, en los que una estrategia eficaz para lidiar con los residuos m\u00e9dicos es fundamental para evitar potenciales crisis de salud p\u00fablica y medioambientales. A nivel mundial, una eliminaci\u00f3n ecol\u00f3gica de los residuos m\u00e9dicos deber\u00eda ser el \u00faltimo est\u00e1ndar de oro de la industria.<\/p>\n<p>Este deber\u00e1 ser nuestro compromiso con el planeta, con los que lo habitan y con la industria : fomentar una eliminaci\u00f3n responsable y eficaz de los residuos m\u00e9dicos, contribuir a que el medio ambiente no se vea m\u00e1s afectado de lo que ya est\u00e1, bajar por supuesto las enormes cifras de generaci\u00f3n de residuos infecciosos que ha producido y sigue produciendo la crisis, optar por caminos que nos lleven a la creaci\u00f3n de innovaciones, y tomar consciencia de las amplias alternativas por explorar.<\/p>\n<p>Y todo esto \u00bfpara qu\u00e9? Para que al final, ese plato amargo que nos dej\u00f3 la pandemia se sirva amargo, s\u00ed, pero caliente (y mejor si es con microondas).<\/p>\n","protected":false},"excerpt":{"rendered":"<p>Andrew Cantillo, experto en gesti\u00f3n de residuos m\u00e9dicos y soluciones ecol\u00f3gicas, nos da su opini\u00f3n [&hellip;]<\/p>\n","protected":false},"author":2,"featured_media":1806,"comment_status":"closed","ping_status":"closed","sticky":false,"template":"","format":"standard","meta":{"_acf_changed":false,"inline_featured_image":false,"footnotes":""},"categories":[62],"tags":[75,76,77],"class_list":["post-5023","post","type-post","status-publish","format-standard","has-post-thumbnail","hentry","category-articles-es","tag-covid19-es","tag-dechets-es","tag-solutions-es"],"acf":[],"yoast_head":"<!-- This site is optimized with the Yoast SEO plugin v27.4 - https:\/\/yoast.com\/product\/yoast-seo-wordpress\/ -->\n<title>El Panorama de los Residuos M\u00e9dicos: un plato amargo que nos deja el COVID-19<\/title>\n<meta name=\"description\" content=\"\u00bfQu\u00e9 ofrece el sector? Incineraci\u00f3n + Autoclave + Descontaminaci\u00f3n por microondas + Reciclaje de residuos m\u00e9dicos?\" \/>\n<meta name=\"robots\" content=\"index, follow, max-snippet:-1, max-image-preview:large, max-video-preview:-1\" \/>\n<link rel=\"canonical\" href=\"https:\/\/www.ecosteryl.com\/es\/el-panorama-de-los-residuos-medicos-un-plato-amargo-que-nos-deja-el-covid-19\/\" \/>\n<meta property=\"og:locale\" content=\"es_ES\" \/>\n<meta property=\"og:type\" content=\"article\" \/>\n<meta property=\"og:title\" content=\"El Panorama de los Residuos M\u00e9dicos: un plato amargo que nos deja el COVID-19\" \/>\n<meta property=\"og:description\" content=\"\u00bfQu\u00e9 ofrece el sector? Incineraci\u00f3n + Autoclave + Descontaminaci\u00f3n por microondas + Reciclaje de residuos m\u00e9dicos?\" \/>\n<meta property=\"og:url\" content=\"https:\/\/www.ecosteryl.com\/es\/el-panorama-de-los-residuos-medicos-un-plato-amargo-que-nos-deja-el-covid-19\/\" \/>\n<meta property=\"og:site_name\" content=\"Ecosteryl\" \/>\n<meta property=\"article:publisher\" content=\"https:\/\/www.facebook.com\/Ecosteryl\" \/>\n<meta property=\"article:published_time\" content=\"2021-05-13T16:51:51+00:00\" \/>\n<meta property=\"article:modified_time\" content=\"2023-08-09T14:52:14+00:00\" \/>\n<meta property=\"og:image\" content=\"https:\/\/www.ecosteryl.com\/app\/uploads\/2021\/05\/tas-de-dechets.jpg\" \/>\n\t<meta property=\"og:image:width\" content=\"1856\" \/>\n\t<meta property=\"og:image:height\" content=\"1237\" \/>\n\t<meta property=\"og:image:type\" content=\"image\/jpeg\" \/>\n<meta name=\"author\" content=\"Sarah Thielens\" \/>\n<meta name=\"twitter:card\" content=\"summary_large_image\" \/>\n<meta name=\"twitter:creator\" content=\"@ecosteryl\" \/>\n<meta name=\"twitter:site\" content=\"@ecosteryl\" \/>\n<meta name=\"twitter:label1\" content=\"Written by\" \/>\n\t<meta name=\"twitter:data1\" content=\"Sarah Thielens\" \/>\n\t<meta name=\"twitter:label2\" content=\"Est. reading time\" \/>\n\t<meta name=\"twitter:data2\" content=\"10 minutes\" \/>\n<script type=\"application\/ld+json\" class=\"yoast-schema-graph\">{\"@context\":\"https:\\\/\\\/schema.org\",\"@graph\":[{\"@type\":\"Article\",\"@id\":\"https:\\\/\\\/www.ecosteryl.com\\\/es\\\/el-panorama-de-los-residuos-medicos-un-plato-amargo-que-nos-deja-el-covid-19\\\/#article\",\"isPartOf\":{\"@id\":\"https:\\\/\\\/www.ecosteryl.com\\\/es\\\/el-panorama-de-los-residuos-medicos-un-plato-amargo-que-nos-deja-el-covid-19\\\/\"},\"author\":{\"name\":\"Sarah Thielens\",\"@id\":\"https:\\\/\\\/www.ecosteryl.com\\\/en\\\/#\\\/schema\\\/person\\\/289976006188760d48c72adb73e9fc46\"},\"headline\":\"El Panorama de los Residuos M\u00e9dicos: un plato amargo que nos deja el COVID-19\",\"datePublished\":\"2021-05-13T16:51:51+00:00\",\"dateModified\":\"2023-08-09T14:52:14+00:00\",\"mainEntityOfPage\":{\"@id\":\"https:\\\/\\\/www.ecosteryl.com\\\/es\\\/el-panorama-de-los-residuos-medicos-un-plato-amargo-que-nos-deja-el-covid-19\\\/\"},\"wordCount\":1941,\"image\":{\"@id\":\"https:\\\/\\\/www.ecosteryl.com\\\/es\\\/el-panorama-de-los-residuos-medicos-un-plato-amargo-que-nos-deja-el-covid-19\\\/#primaryimage\"},\"thumbnailUrl\":\"https:\\\/\\\/www.ecosteryl.com\\\/app\\\/uploads\\\/2021\\\/05\\\/tas-de-dechets.jpg\",\"keywords\":[\"covid19\",\"d\u00e9chets\",\"solutions\"],\"articleSection\":[\"Art\u00edculos\"],\"inLanguage\":\"es-ES\"},{\"@type\":\"WebPage\",\"@id\":\"https:\\\/\\\/www.ecosteryl.com\\\/es\\\/el-panorama-de-los-residuos-medicos-un-plato-amargo-que-nos-deja-el-covid-19\\\/\",\"url\":\"https:\\\/\\\/www.ecosteryl.com\\\/es\\\/el-panorama-de-los-residuos-medicos-un-plato-amargo-que-nos-deja-el-covid-19\\\/\",\"name\":\"El Panorama de los Residuos M\u00e9dicos: un plato amargo que nos deja el COVID-19\",\"isPartOf\":{\"@id\":\"https:\\\/\\\/www.ecosteryl.com\\\/en\\\/#website\"},\"primaryImageOfPage\":{\"@id\":\"https:\\\/\\\/www.ecosteryl.com\\\/es\\\/el-panorama-de-los-residuos-medicos-un-plato-amargo-que-nos-deja-el-covid-19\\\/#primaryimage\"},\"image\":{\"@id\":\"https:\\\/\\\/www.ecosteryl.com\\\/es\\\/el-panorama-de-los-residuos-medicos-un-plato-amargo-que-nos-deja-el-covid-19\\\/#primaryimage\"},\"thumbnailUrl\":\"https:\\\/\\\/www.ecosteryl.com\\\/app\\\/uploads\\\/2021\\\/05\\\/tas-de-dechets.jpg\",\"datePublished\":\"2021-05-13T16:51:51+00:00\",\"dateModified\":\"2023-08-09T14:52:14+00:00\",\"author\":{\"@id\":\"https:\\\/\\\/www.ecosteryl.com\\\/en\\\/#\\\/schema\\\/person\\\/289976006188760d48c72adb73e9fc46\"},\"description\":\"\u00bfQu\u00e9 ofrece el sector? Incineraci\u00f3n + Autoclave + Descontaminaci\u00f3n por microondas + Reciclaje de residuos m\u00e9dicos?\",\"breadcrumb\":{\"@id\":\"https:\\\/\\\/www.ecosteryl.com\\\/es\\\/el-panorama-de-los-residuos-medicos-un-plato-amargo-que-nos-deja-el-covid-19\\\/#breadcrumb\"},\"inLanguage\":\"es-ES\",\"potentialAction\":[{\"@type\":\"ReadAction\",\"target\":[\"https:\\\/\\\/www.ecosteryl.com\\\/es\\\/el-panorama-de-los-residuos-medicos-un-plato-amargo-que-nos-deja-el-covid-19\\\/\"]}]},{\"@type\":\"ImageObject\",\"inLanguage\":\"es-ES\",\"@id\":\"https:\\\/\\\/www.ecosteryl.com\\\/es\\\/el-panorama-de-los-residuos-medicos-un-plato-amargo-que-nos-deja-el-covid-19\\\/#primaryimage\",\"url\":\"https:\\\/\\\/www.ecosteryl.com\\\/app\\\/uploads\\\/2021\\\/05\\\/tas-de-dechets.jpg\",\"contentUrl\":\"https:\\\/\\\/www.ecosteryl.com\\\/app\\\/uploads\\\/2021\\\/05\\\/tas-de-dechets.jpg\",\"width\":1856,\"height\":1237,\"caption\":\"Residuos m\u00e9dicos Covid 19\"},{\"@type\":\"BreadcrumbList\",\"@id\":\"https:\\\/\\\/www.ecosteryl.com\\\/es\\\/el-panorama-de-los-residuos-medicos-un-plato-amargo-que-nos-deja-el-covid-19\\\/#breadcrumb\",\"itemListElement\":[{\"@type\":\"ListItem\",\"position\":1,\"name\":\"Accueil\",\"item\":\"https:\\\/\\\/www.ecosteryl.com\\\/es\\\/\"},{\"@type\":\"ListItem\",\"position\":2,\"name\":\"El Panorama de los Residuos M\u00e9dicos: un plato amargo que nos deja el COVID-19\"}]},{\"@type\":\"WebSite\",\"@id\":\"https:\\\/\\\/www.ecosteryl.com\\\/en\\\/#website\",\"url\":\"https:\\\/\\\/www.ecosteryl.com\\\/en\\\/\",\"name\":\"Ecosteryl\",\"description\":\"\",\"potentialAction\":[{\"@type\":\"SearchAction\",\"target\":{\"@type\":\"EntryPoint\",\"urlTemplate\":\"https:\\\/\\\/www.ecosteryl.com\\\/en\\\/?s={search_term_string}\"},\"query-input\":{\"@type\":\"PropertyValueSpecification\",\"valueRequired\":true,\"valueName\":\"search_term_string\"}}],\"inLanguage\":\"es-ES\"},{\"@type\":\"Person\",\"@id\":\"https:\\\/\\\/www.ecosteryl.com\\\/en\\\/#\\\/schema\\\/person\\\/289976006188760d48c72adb73e9fc46\",\"name\":\"Sarah Thielens\",\"image\":{\"@type\":\"ImageObject\",\"inLanguage\":\"es-ES\",\"@id\":\"https:\\\/\\\/secure.gravatar.com\\\/avatar\\\/ebc58fb3950e53755a39f6d31be6cb6d163642d45eaad8b56d80fef848916369?s=96&d=mm&r=g\",\"url\":\"https:\\\/\\\/secure.gravatar.com\\\/avatar\\\/ebc58fb3950e53755a39f6d31be6cb6d163642d45eaad8b56d80fef848916369?s=96&d=mm&r=g\",\"contentUrl\":\"https:\\\/\\\/secure.gravatar.com\\\/avatar\\\/ebc58fb3950e53755a39f6d31be6cb6d163642d45eaad8b56d80fef848916369?s=96&d=mm&r=g\",\"caption\":\"Sarah Thielens\"},\"description\":\"Communication manager\",\"sameAs\":[\"Sarah.Thielens@ecosteryl.com\"],\"url\":\"https:\\\/\\\/www.ecosteryl.com\\\/es\\\/author\\\/sarah\\\/\"}]}<\/script>\n<!-- \/ Yoast SEO plugin. -->","yoast_head_json":{"title":"El Panorama de los Residuos M\u00e9dicos: un plato amargo que nos deja el COVID-19","description":"\u00bfQu\u00e9 ofrece el sector? Incineraci\u00f3n + Autoclave + Descontaminaci\u00f3n por microondas + Reciclaje de residuos m\u00e9dicos?","robots":{"index":"index","follow":"follow","max-snippet":"max-snippet:-1","max-image-preview":"max-image-preview:large","max-video-preview":"max-video-preview:-1"},"canonical":"https:\/\/www.ecosteryl.com\/es\/el-panorama-de-los-residuos-medicos-un-plato-amargo-que-nos-deja-el-covid-19\/","og_locale":"es_ES","og_type":"article","og_title":"El Panorama de los Residuos M\u00e9dicos: un plato amargo que nos deja el COVID-19","og_description":"\u00bfQu\u00e9 ofrece el sector? Incineraci\u00f3n + Autoclave + Descontaminaci\u00f3n por microondas + Reciclaje de residuos m\u00e9dicos?","og_url":"https:\/\/www.ecosteryl.com\/es\/el-panorama-de-los-residuos-medicos-un-plato-amargo-que-nos-deja-el-covid-19\/","og_site_name":"Ecosteryl","article_publisher":"https:\/\/www.facebook.com\/Ecosteryl","article_published_time":"2021-05-13T16:51:51+00:00","article_modified_time":"2023-08-09T14:52:14+00:00","og_image":[{"width":1856,"height":1237,"url":"https:\/\/www.ecosteryl.com\/app\/uploads\/2021\/05\/tas-de-dechets.jpg","type":"image\/jpeg"}],"author":"Sarah Thielens","twitter_card":"summary_large_image","twitter_creator":"@ecosteryl","twitter_site":"@ecosteryl","twitter_misc":{"Written by":"Sarah Thielens","Est. reading time":"10 minutes"},"schema":{"@context":"https:\/\/schema.org","@graph":[{"@type":"Article","@id":"https:\/\/www.ecosteryl.com\/es\/el-panorama-de-los-residuos-medicos-un-plato-amargo-que-nos-deja-el-covid-19\/#article","isPartOf":{"@id":"https:\/\/www.ecosteryl.com\/es\/el-panorama-de-los-residuos-medicos-un-plato-amargo-que-nos-deja-el-covid-19\/"},"author":{"name":"Sarah Thielens","@id":"https:\/\/www.ecosteryl.com\/en\/#\/schema\/person\/289976006188760d48c72adb73e9fc46"},"headline":"El Panorama de los Residuos M\u00e9dicos: un plato amargo que nos deja el COVID-19","datePublished":"2021-05-13T16:51:51+00:00","dateModified":"2023-08-09T14:52:14+00:00","mainEntityOfPage":{"@id":"https:\/\/www.ecosteryl.com\/es\/el-panorama-de-los-residuos-medicos-un-plato-amargo-que-nos-deja-el-covid-19\/"},"wordCount":1941,"image":{"@id":"https:\/\/www.ecosteryl.com\/es\/el-panorama-de-los-residuos-medicos-un-plato-amargo-que-nos-deja-el-covid-19\/#primaryimage"},"thumbnailUrl":"https:\/\/www.ecosteryl.com\/app\/uploads\/2021\/05\/tas-de-dechets.jpg","keywords":["covid19","d\u00e9chets","solutions"],"articleSection":["Art\u00edculos"],"inLanguage":"es-ES"},{"@type":"WebPage","@id":"https:\/\/www.ecosteryl.com\/es\/el-panorama-de-los-residuos-medicos-un-plato-amargo-que-nos-deja-el-covid-19\/","url":"https:\/\/www.ecosteryl.com\/es\/el-panorama-de-los-residuos-medicos-un-plato-amargo-que-nos-deja-el-covid-19\/","name":"El Panorama de los Residuos M\u00e9dicos: un plato amargo que nos deja el COVID-19","isPartOf":{"@id":"https:\/\/www.ecosteryl.com\/en\/#website"},"primaryImageOfPage":{"@id":"https:\/\/www.ecosteryl.com\/es\/el-panorama-de-los-residuos-medicos-un-plato-amargo-que-nos-deja-el-covid-19\/#primaryimage"},"image":{"@id":"https:\/\/www.ecosteryl.com\/es\/el-panorama-de-los-residuos-medicos-un-plato-amargo-que-nos-deja-el-covid-19\/#primaryimage"},"thumbnailUrl":"https:\/\/www.ecosteryl.com\/app\/uploads\/2021\/05\/tas-de-dechets.jpg","datePublished":"2021-05-13T16:51:51+00:00","dateModified":"2023-08-09T14:52:14+00:00","author":{"@id":"https:\/\/www.ecosteryl.com\/en\/#\/schema\/person\/289976006188760d48c72adb73e9fc46"},"description":"\u00bfQu\u00e9 ofrece el sector? Incineraci\u00f3n + Autoclave + Descontaminaci\u00f3n por microondas + Reciclaje de residuos m\u00e9dicos?","breadcrumb":{"@id":"https:\/\/www.ecosteryl.com\/es\/el-panorama-de-los-residuos-medicos-un-plato-amargo-que-nos-deja-el-covid-19\/#breadcrumb"},"inLanguage":"es-ES","potentialAction":[{"@type":"ReadAction","target":["https:\/\/www.ecosteryl.com\/es\/el-panorama-de-los-residuos-medicos-un-plato-amargo-que-nos-deja-el-covid-19\/"]}]},{"@type":"ImageObject","inLanguage":"es-ES","@id":"https:\/\/www.ecosteryl.com\/es\/el-panorama-de-los-residuos-medicos-un-plato-amargo-que-nos-deja-el-covid-19\/#primaryimage","url":"https:\/\/www.ecosteryl.com\/app\/uploads\/2021\/05\/tas-de-dechets.jpg","contentUrl":"https:\/\/www.ecosteryl.com\/app\/uploads\/2021\/05\/tas-de-dechets.jpg","width":1856,"height":1237,"caption":"Residuos m\u00e9dicos Covid 19"},{"@type":"BreadcrumbList","@id":"https:\/\/www.ecosteryl.com\/es\/el-panorama-de-los-residuos-medicos-un-plato-amargo-que-nos-deja-el-covid-19\/#breadcrumb","itemListElement":[{"@type":"ListItem","position":1,"name":"Accueil","item":"https:\/\/www.ecosteryl.com\/es\/"},{"@type":"ListItem","position":2,"name":"El Panorama de los Residuos M\u00e9dicos: un plato amargo que nos deja el COVID-19"}]},{"@type":"WebSite","@id":"https:\/\/www.ecosteryl.com\/en\/#website","url":"https:\/\/www.ecosteryl.com\/en\/","name":"Ecosteryl","description":"","potentialAction":[{"@type":"SearchAction","target":{"@type":"EntryPoint","urlTemplate":"https:\/\/www.ecosteryl.com\/en\/?s={search_term_string}"},"query-input":{"@type":"PropertyValueSpecification","valueRequired":true,"valueName":"search_term_string"}}],"inLanguage":"es-ES"},{"@type":"Person","@id":"https:\/\/www.ecosteryl.com\/en\/#\/schema\/person\/289976006188760d48c72adb73e9fc46","name":"Sarah Thielens","image":{"@type":"ImageObject","inLanguage":"es-ES","@id":"https:\/\/secure.gravatar.com\/avatar\/ebc58fb3950e53755a39f6d31be6cb6d163642d45eaad8b56d80fef848916369?s=96&d=mm&r=g","url":"https:\/\/secure.gravatar.com\/avatar\/ebc58fb3950e53755a39f6d31be6cb6d163642d45eaad8b56d80fef848916369?s=96&d=mm&r=g","contentUrl":"https:\/\/secure.gravatar.com\/avatar\/ebc58fb3950e53755a39f6d31be6cb6d163642d45eaad8b56d80fef848916369?s=96&d=mm&r=g","caption":"Sarah Thielens"},"description":"Communication manager","sameAs":["Sarah.Thielens@ecosteryl.com"],"url":"https:\/\/www.ecosteryl.com\/es\/author\/sarah\/"}]}},"_links":{"self":[{"href":"https:\/\/www.ecosteryl.com\/es\/wp-json\/wp\/v2\/posts\/5023","targetHints":{"allow":["GET"]}}],"collection":[{"href":"https:\/\/www.ecosteryl.com\/es\/wp-json\/wp\/v2\/posts"}],"about":[{"href":"https:\/\/www.ecosteryl.com\/es\/wp-json\/wp\/v2\/types\/post"}],"author":[{"embeddable":true,"href":"https:\/\/www.ecosteryl.com\/es\/wp-json\/wp\/v2\/users\/2"}],"replies":[{"embeddable":true,"href":"https:\/\/www.ecosteryl.com\/es\/wp-json\/wp\/v2\/comments?post=5023"}],"version-history":[{"count":7,"href":"https:\/\/www.ecosteryl.com\/es\/wp-json\/wp\/v2\/posts\/5023\/revisions"}],"predecessor-version":[{"id":22139,"href":"https:\/\/www.ecosteryl.com\/es\/wp-json\/wp\/v2\/posts\/5023\/revisions\/22139"}],"wp:featuredmedia":[{"embeddable":true,"href":"https:\/\/www.ecosteryl.com\/es\/wp-json\/wp\/v2\/media\/1806"}],"wp:attachment":[{"href":"https:\/\/www.ecosteryl.com\/es\/wp-json\/wp\/v2\/media?parent=5023"}],"wp:term":[{"taxonomy":"category","embeddable":true,"href":"https:\/\/www.ecosteryl.com\/es\/wp-json\/wp\/v2\/categories?post=5023"},{"taxonomy":"post_tag","embeddable":true,"href":"https:\/\/www.ecosteryl.com\/es\/wp-json\/wp\/v2\/tags?post=5023"}],"curies":[{"name":"wp","href":"https:\/\/api.w.org\/{rel}","templated":true}]}}